{"id":1401,"date":"2026-04-25T17:03:06","date_gmt":"2026-04-25T17:03:06","guid":{"rendered":"https:\/\/www.marvicent.com\/?p=1401"},"modified":"2026-04-25T17:03:07","modified_gmt":"2026-04-25T17:03:07","slug":"brutales-y-malvados","status":"publish","type":"post","link":"https:\/\/www.marvicent.com\/index.php\/2026\/04\/25\/brutales-y-malvados\/","title":{"rendered":"BRUTALES Y MALVADOS"},"content":{"rendered":"\n<p><strong>La regularizaci\u00f3n de las personas migrantes<\/strong> reconoce que todos somos seres humanos y tenemos derecho a una vida justa segura y sostenible.<\/p>\n\n\n\n<p><strong>La prioridad nacional<\/strong> , eso que se han inventado en Extremadura los de Abascal, que ya han propuesto en el Pa\u00eds valenciano y que quieren exportar al resto del pa\u00eds si pueden, es exactamente lo contrario: los de aqu\u00ed vamos primero y el resto que espere su turno ,si llega.<\/p>\n\n\n\n<p>Lo malo de las prioridades es que una vez que se empieza nunca se acaba.<\/p>\n\n\n\n<figure class=\"wp-block-image size-full\"><img loading=\"lazy\" decoding=\"async\" width=\"360\" height=\"282\" src=\"https:\/\/www.marvicent.com\/wp-content\/uploads\/2026\/04\/maldad.jpg\" alt=\"\" class=\"wp-image-1402\" srcset=\"https:\/\/www.marvicent.com\/wp-content\/uploads\/2026\/04\/maldad.jpg 360w, https:\/\/www.marvicent.com\/wp-content\/uploads\/2026\/04\/maldad-300x235.jpg 300w\" sizes=\"auto, (max-width: 360px) 100vw, 360px\" \/><\/figure>\n\n\n\n<p class=\"has-text-align-left\">Antes los hombres que las mujeres, la juventud frente a la gente mayor, los de rentas altas a los currantes, los que viven en capitales frente a los de pueblo, los que tienen estudios superiores frente a los que tienen los b\u00e1sicos&#8230;<\/p>\n\n\n\n<p>Que brutalidad, no?<\/p>\n\n\n\n<p>No mires a los de arriba cuando recortan los servicios, regatean los recursos o desmontan los sistemas p\u00fablicos buscando siempre el negocio y la ganancia. F\u00edjate mejor en los que tienen menos que t\u00fa, son m\u00e1s vulnerables que t\u00fa, importan todav\u00eda menos que t\u00fa.<\/p>\n\n\n\n<p>Cuanta maldad, no?<\/p>\n\n\n\n<p>Vales m\u00e1s, mereces m\u00e1s, necesitas m\u00e1s\u2026 en funci\u00f3n del lugar donde naciste.<\/p>\n\n\n\n<p>Brutalidad rima con maldad.<\/p>\n","protected":false},"excerpt":{"rendered":"<p>La regularizaci\u00f3n de las personas migrantes reconoce que todos somos seres humanos y tenemos derecho a una vida justa segura y sostenible. La prioridad nacional ,&#46;&#46;&#46;<\/p>\n","protected":false},"author":1,"featured_media":0,"comment_status":"closed","ping_status":"open","sticky":false,"template":"","format":"standard","meta":{"footnotes":""},"categories":[1,11],"tags":[],"class_list":["post-1401","post","type-post","status-publish","format-standard","hentry","category-inicio","category-politica"],"post_mailing_queue_ids":[],"_links":{"self":[{"href":"https:\/\/www.marvicent.com\/index.php\/wp-json\/wp\/v2\/posts\/1401","targetHints":{"allow":["GET"]}}],"collection":[{"href":"https:\/\/www.marvicent.com\/index.php\/wp-json\/wp\/v2\/posts"}],"about":[{"href":"https:\/\/www.marvicent.com\/index.php\/wp-json\/wp\/v2\/types\/post"}],"author":[{"embeddable":true,"href":"https:\/\/www.marvicent.com\/index.php\/wp-json\/wp\/v2\/users\/1"}],"replies":[{"embeddable":true,"href":"https:\/\/www.marvicent.com\/index.php\/wp-json\/wp\/v2\/comments?post=1401"}],"version-history":[{"count":1,"href":"https:\/\/www.marvicent.com\/index.php\/wp-json\/wp\/v2\/posts\/1401\/revisions"}],"predecessor-version":[{"id":1403,"href":"https:\/\/www.marvicent.com\/index.php\/wp-json\/wp\/v2\/posts\/1401\/revisions\/1403"}],"wp:attachment":[{"href":"https:\/\/www.marvicent.com\/index.php\/wp-json\/wp\/v2\/media?parent=1401"}],"wp:term":[{"taxonomy":"category","embeddable":true,"href":"https:\/\/www.marvicent.com\/index.php\/wp-json\/wp\/v2\/categories?post=1401"},{"taxonomy":"post_tag","embeddable":true,"href":"https:\/\/www.marvicent.com\/index.php\/wp-json\/wp\/v2\/tags?post=1401"}],"curies":[{"name":"wp","href":"https:\/\/api.w.org\/{rel}","templated":true}]}}